{"id":2632,"__str__":"Projeto de Lei  n\u00ba 37 de 2019","link_detail_backend":"/materia/2632","metadata":{},"numero":37,"ano":2019,"numero_protocolo":1305,"data_apresentacao":"2019-05-27","tipo_apresentacao":"","data_publicacao":null,"numero_origem_externa":"","ano_origem_externa":null,"data_origem_externa":null,"apelido":"","dias_prazo":null,"data_fim_prazo":null,"em_tramitacao":true,"polemica":null,"objeto":"","complementar":null,"ementa":"PROJETO DE LEI N\u00ba. 037/19, DE 23 DE MAIO DE 2019\r\nDisp\u00f5e sobre a altera\u00e7\u00e3o da carga hor\u00e1ria semanal dos cargos p\u00fablicos de M\u00e9dico - Cl\u00ednico Geral e M\u00e9dico Especialista, que integram o Anexo I - D e Anexo I - E, respectivamente, da Lei Municipal n\u00ba 4.453, de 25 de janeiro de 2016 e d\u00e1 outras provid\u00eancias.","indexacao":"","observacao":"","resultado":"","texto_original":"http://sapl.arapongas.pr.leg.br/media/sapl/public/materialegislativa/2019/2632/projeto037_-_reduz_carga_horaria_medicos_20_h.docx","data_ultima_atualizacao":"2019-06-26T10:00:55.936332-03:00","ip":"","ultima_edicao":null,"tipo":1,"regime_tramitacao":1,"tipo_origem_externa":null,"local_origem_externa":null,"user":null,"anexadas":[2631],"autores":[1]}