{"id":2851,"__str__":"Indica\u00e7\u00e3o n\u00ba 443 de 2019","link_detail_backend":"/materia/2851","metadata":{},"numero":443,"ano":2019,"numero_protocolo":1859,"data_apresentacao":"2019-08-19","tipo_apresentacao":"","data_publicacao":null,"numero_origem_externa":"","ano_origem_externa":null,"data_origem_externa":null,"apelido":"","dias_prazo":null,"data_fim_prazo":null,"em_tramitacao":false,"polemica":null,"objeto":"","complementar":null,"ementa":"Que o Senhor Prefeito entre em entendimentos com a Secret\u00e1ria competente, para que seja feito a manuten\u00e7\u00e3o da cal\u00e7ada na Pra\u00e7a localizada na rua: Sa\u00edra no Jardim Aeroporto local onde \u00e9 realizada a feira livre toda semana.","indexacao":"","observacao":"","resultado":"","texto_original":"http://sapl.arapongas.pr.leg.br/media/sapl/public/materialegislativa/2019/2851/restauracao_da_calcada_da_praca_da_rua_saira..doc","data_ultima_atualizacao":"2021-02-26T09:41:26.740962-03:00","ip":"","ultima_edicao":null,"tipo":8,"regime_tramitacao":1,"tipo_origem_externa":null,"local_origem_externa":null,"user":null,"anexadas":[],"autores":[7]}