{"id":2942,"__str__":"Projeto de Resolu\u00e7\u00e3o n\u00ba 4 de 2019","link_detail_backend":"/materia/2942","metadata":{},"numero":4,"ano":2019,"numero_protocolo":2043,"data_apresentacao":"2019-09-09","tipo_apresentacao":"","data_publicacao":null,"numero_origem_externa":"","ano_origem_externa":null,"data_origem_externa":null,"apelido":"","dias_prazo":null,"data_fim_prazo":null,"em_tramitacao":false,"polemica":null,"objeto":"","complementar":null,"ementa":"Projeto de Resolu\u00e7\u00e3o Altera\u00e7\u00e3o Hor\u00e1rio de Hor\u00e1rio.","indexacao":"","observacao":"","resultado":"","texto_original":"http://sapl.arapongas.pr.leg.br/media/sapl/public/materialegislativa/2019/2942/projeto_de_resolucao_conjunto_-_alteracao_de_horario.docx","data_ultima_atualizacao":"2019-09-23T16:59:50.221347-03:00","ip":"","ultima_edicao":null,"tipo":2,"regime_tramitacao":1,"tipo_origem_externa":null,"local_origem_externa":null,"user":null,"anexadas":[2981,2988],"autores":[13]}