{"id":9368,"__str__":"Projeto de Lei Complementar  n\u00ba 1 de 2025","link_detail_backend":"/materia/9368","metadata":{"signs":{"texto_original":{"admin":[],"autores":[["Rafael Felipe Cita",["2025-10-29T17:20:23-03:00","ICP-Brasil - Certificado PF A1"]]]}}},"numero":1,"ano":2025,"numero_protocolo":2010,"data_apresentacao":"2025-10-29","tipo_apresentacao":"","data_publicacao":null,"numero_origem_externa":"","ano_origem_externa":null,"data_origem_externa":null,"apelido":"","dias_prazo":null,"data_fim_prazo":null,"em_tramitacao":false,"polemica":false,"objeto":"","complementar":false,"ementa":"PROJETO DE LEI COMPLEMENTAR N\u00ba 001/25, DE 29 DE OUTUBRO DE 2025\r\nDisp\u00f5e sobre a reestrutura\u00e7\u00e3o do Regime Pr\u00f3prio de Previd\u00eancia Social dos Servidores P\u00fablicos do Munic\u00edpio de Arapongas, em conformidade com dispositivos da Emenda Constitucional n\u00b0. 103/2019 e da Emenda \u00e0 Lei Org\u00e2nica do Munic\u00edpio n\u00b0. 02/25 e d\u00e1 outras provid\u00eancias.","indexacao":"","observacao":"","resultado":"","texto_original":"http://sapl.arapongas.pr.leg.br/media/sapl/public/materialegislativa/2025/9368/proj_001_reestruturacao_ippasa_-_proj_complementar.pdf","data_ultima_atualizacao":"2025-12-02T11:21:53.486643-03:00","ip":"","ultima_edicao":null,"tipo":5,"regime_tramitacao":1,"tipo_origem_externa":null,"local_origem_externa":null,"user":null,"anexadas":[9367,9393],"autores":[1]}