{"id":9393,"__str__":"Parecer Comiss\u00e3o de Justi\u00e7a Legisla\u00e7\u00e3o e Reda\u00e7\u00e3o n\u00ba 105 de 2025","link_detail_backend":"/materia/9393","metadata":{},"numero":105,"ano":2025,"numero_protocolo":2064,"data_apresentacao":"2025-11-07","tipo_apresentacao":"","data_publicacao":null,"numero_origem_externa":"","ano_origem_externa":null,"data_origem_externa":null,"apelido":"","dias_prazo":null,"data_fim_prazo":null,"em_tramitacao":false,"polemica":false,"objeto":"","complementar":false,"ementa":"Disp\u00f5e sobre a reestrutura\u00e7\u00e3o do Regime Pr\u00f3prio de Previd\u00eancia Social dos Servidores P\u00fablicos do Munic\u00edpio de Arapongas, em conformidade com dispositivos da Emenda Constitucional n\u00b0. 103/2019 e da Emenda \u00e0 Lei Org\u00e2nica do Munic\u00edpio n\u00b0. 02/25 e d\u00e1 outras provid\u00eancias.","indexacao":"","observacao":"","resultado":"","texto_original":"http://sapl.arapongas.pr.leg.br/media/sapl/public/materialegislativa/2025/9393/110.pdf","data_ultima_atualizacao":"2025-12-02T11:14:10.083355-03:00","ip":"","ultima_edicao":null,"tipo":11,"regime_tramitacao":1,"tipo_origem_externa":null,"local_origem_externa":null,"user":null,"anexadas":[],"autores":[78]}