{"id":9642,"__str__":"Emenda Modificativa n\u00ba 1 de 2026","link_detail_backend":"/materia/9642","metadata":{"signs":{"texto_original":{"admin":[],"autores":[["Paulo Grassano Barros de Carvalho",["2026-02-27T13:14:20-03:00","ICP-Brasil - AC SyngularID Multipla"]]]}}},"numero":1,"ano":2026,"numero_protocolo":209,"data_apresentacao":"2026-02-27","tipo_apresentacao":"","data_publicacao":null,"numero_origem_externa":"","ano_origem_externa":null,"data_origem_externa":null,"apelido":"","dias_prazo":null,"data_fim_prazo":null,"em_tramitacao":false,"polemica":false,"objeto":"","complementar":false,"ementa":"A Comiss\u00e3o de Justi\u00e7a, Legisla\u00e7\u00e3o e Reda\u00e7\u00e3o, no uso de suas atribui\u00e7\u00f5es regimentais, vem, respeitosamente, propor a seguinte emenda ao PROJETO DE LEI L n\u00b0 06/2026, de autoria do Poder Legislativo que \u2013 Disp\u00f5e sobre a implanta\u00e7\u00e3o de Espa\u00e7os Sensoriais em pra\u00e7as p\u00fablicas do Munic\u00edpio de Arapongas, destinados ao acolhimento, inclus\u00e3o e bem-estar de pessoas com Transtorno do Espectro Autista, e d\u00e1 outras provid\u00eancias.","indexacao":"","observacao":"","resultado":"","texto_original":"http://sapl.arapongas.pr.leg.br/media/sapl/public/materialegislativa/2026/9642/em.pdf","data_ultima_atualizacao":"2026-02-27T14:58:47.383836-03:00","ip":"","ultima_edicao":null,"tipo":19,"regime_tramitacao":1,"tipo_origem_externa":null,"local_origem_externa":null,"user":null,"anexadas":[],"autores":[78]}